{"id":46039,"date":"2020-11-02T07:39:57","date_gmt":"2020-11-02T06:39:57","guid":{"rendered":"http:\/\/www.enduro.nl\/?p=46039"},"modified":"2020-11-02T07:39:57","modified_gmt":"2020-11-02T06:39:57","slug":"finale-int-deutsche-enduro-meisterschaft-2020-woltersdorf-novemberpokal-2020-geht-nach-neuseeland","status":"publish","type":"post","link":"https:\/\/enduro.nl\/wordpress-enduronlnewsite\/46039\/finale-int-deutsche-enduro-meisterschaft-2020-woltersdorf-novemberpokal-2020-geht-nach-neuseeland\/","title":{"rendered":"Finale Int. Deutsche Enduro Meisterschaft 2020 Woltersdorf: Novemberpokal 2020 geht nach Neuseeland"},"content":{"rendered":"<p><a href=\"https:\/\/enduro.nl\/wordpress-enduronlnewsite\/wp-content\/uploads\/2020\/11\/2_DEMW2020_Hamish_Macdonald_D5X_8950_FotoThorstenHorn.jpg\"><img loading=\"lazy\" decoding=\"async\" class=\"alignleft size-thumbnail wp-image-46041\" src=\"https:\/\/enduro.nl\/wordpress-enduronlnewsite\/wp-content\/uploads\/2020\/11\/2_DEMW2020_Hamish_Macdonald_D5X_8950_FotoThorstenHorn-235x157.jpg\" alt=\"\" width=\"235\" height=\"157\" \/><\/a><\/p>\n<p style=\"font-weight: 400;\"><strong>Hamish Macdonald hei\u00dft der Sieger des \u201e42. Novemberpokals&#8221; des MC Woltersdorf. Nachdem der 21-j\u00e4hrige Neuseel\u00e4nder bereits am gestrigen Samstag gewann, siegte er auch heute beim finalen Fahrtag der Internationalen Deutschen Enduro Meisterschaft (DEM) 2020 und durfte anschlie\u00dfend die gewaltige gleichnamige Troph\u00e4e in Empfang nehmen. Im Gegensatz zum Vortag belegten diesmal Macdonalds gleichalter Teamkollege Luca Fischeder aus Geringswalde den zweiten und Edward H\u00fcbner aus dessen Nachbarort Penig den dritten Platz. Der Lokalmatador par excellence, Robert Riedel aus R\u00fcdersdorf, feierte in der kleinsten Hubraum-Kategorie E1 einen weiteren Tagessieg und durfte sich gleichzeitig \u00fcber seinen ersten DM-Titel freuen.<\/strong><\/p>\n<p style=\"font-weight: 400;\">Nachdem Hamish Macdonald am ersten Fahrtag des DEM-Finales auf den ersten beiden Sonderpr\u00fcfungen wohl noch etwas schlummerte<!--more-->, war der E2-Pilot heute von Beginn an hellwach und markierte nach der ersten Bestzeit auch alle weiteren. Die auch durch das regnerische Wetter extrem anspruchsvolle Gel\u00e4ndefahrt wurde gegen\u00fcber dem Samstag um eine Sonderpr\u00fcfung gek\u00fcrzt, sodass sich Hamish Macdonald heute letztendlich ein \u201eSixpack&#8221; g\u00f6nnte. \u201eDas war wieder ein echt sch\u00f6nes Enduro. Sehr schwierig, genauso wie ich es mag. Es war eine perfekte Veranstaltung mit guten Ideen f\u00fcr die Strecke. Ich war 2018 bei der Weltmeisterschaft hier in Woltersdorf und kannte das Gel\u00e4nde im Groben. Von daher wusste ich, dass es hart werden w\u00fcrde. Der Regen hat aber alles noch versch\u00e4rft&#8221;, sagte er anschlie\u00dfend.<\/p>\n<p style=\"font-weight: 400;\">Nachdem er am Samstagfr\u00fch die ersten beiden Test-Bestzeiten gesetzt hatte und nach den Sternen zu greifen schien, nach einem groben Fehler letztendlich aber nur Dritter wurde, durfte sich Luca Fischeder heute als bester Deutscher \u00fcber den zweiten Rang in der Gesamtwertung und auch in der Klasse E2 freuen. \u201eHeute hat es geklappt. Zweiter im Championat hinter Hamish, das h\u00e4tte kaum besser laufen k\u00f6nnen. Die Strecke war sehr ausgefahren und hat stellenweise keine verschiedenen Linien zugelassen. Aber ich habe trotzdem versucht zu setzen und bin jetzt \u00fcbergl\u00fccklich&#8221;, meinte der letztj\u00e4hrige Junioren-Meister und daher E-Klassen-Neuling nach seiner Super-Fahrt.<\/p>\n<p style=\"font-weight: 400;\">\u00dcber den dritten Platz auf dem Podest der Overall-Wertung freute sich Edward \u201eEddi&#8221; H\u00fcbner, was er so zum Ausdruck brachte: \u201eDas war heute halt wieder Enduro. Es ist schade, dass wir in diesem Jahr nur zwei solche Tage hatten, denn die Strecken der ersten drei Veranstaltungen waren bei weitem nicht so anspruchsvoll. Bei mir lief es heute ganz gut. Ich bin nur drei Mal gest\u00fcrzt, was angesichts der schweren Bedingungen ganz okay war. Ich denke, an diesem Wochenende haben alle Fahrer Fehler gemacht, sodass am Ende die ganz oben stehen, die mit den wenigsten Fehlern durchgekommen sind. Es ist schon Wahnsinn, dass die ersten drei in der Klasse E2 auch die ersten drei in der Championatswertung sind.&#8221;<\/p>\n<p style=\"font-weight: 400;\">Gern h\u00e4tte Dennis Schr\u00f6ter diesen dritten Platz belegt und hatte ihn auch schon vor Augen. Allerdings st\u00fcrzte er auf der letzten Sonderpr\u00fcfung des Tages gleich zwei Mal, wodurch er insgesamt 28 Sekunden auf sowie den Bronzerang an Eddi H\u00fcbner verlor. Das war umso mehr schade, weil es das letzte Rennen des 38-J\u00e4hrigen war. Mit einer kleinen Tr\u00e4ne im Knopfloch gab er nach seinem letzten Ritt zu Protokoll: \u201eIch wollte noch einmal eine geile Runde fahren, dabei hat es mich zwei Mal runtergehauen. Ich hatte vor der letzten Pr\u00fcfung noch drei Sekunden Vorsprung auf Eddi, aber das ist bei diesen Bedingungen gar nichts. Verwalten war also nicht m\u00f6glich, ich musste ebenfalls pushen. Aber egal, den E3-Titel habe ich trotzdem und bin zudem hinter Hamish Zweiter im Championat. Auch von daher war es noch einmal eine sch\u00f6ne Saison. Sch\u00f6n war auch, dass sie \u00fcberhaupt stattgefunden hat.&#8221;<\/p>\n<p style=\"font-weight: 400;\">Mit seinem vierten von sechs m\u00f6glichen Siegen in der Klasse E1 fuhr Robert Riedel letztlich souver\u00e4n zum Meistertitel in der kleinen Klasse. \u201eRuhig zu Ende gefahren, und das hat geklappt&#8221;, lautete der erste knappe Kommentar des 26-j\u00e4hrigen R\u00fcdersdorfers nach der Zieldurchfahrt. Nachdem er sich das Meister-Shirt \u00fcbergestreift hatte, hing er mit folgenden Worten ins Detail: \u201eIch bin heute auf Sicherheit gefahren. Gestern hatte ich zu viele Fehler gemacht, aber heute habe ich mir keinen Druck gemacht und habe versucht, rund und sauber zu fahren. Der Meistertitel war vorm Saisonbeginn das Ziel, nun ist es ein tolles Gef\u00fchl.&#8221;<\/p>\n<p style=\"font-weight: 400;\">Grund zur Freude hatten aus Sicht des MC Woltersdorf auch Christoph Lessing und Stefanie Sonnenberg. Der 40-j\u00e4hrige Berliner gewann, wie am Vortag, seine Klasse E3B und steigerte sich in der Gesamtwertung aller B-Lizenzfahrer sogar um einen Platz auf Rang zwei.<\/p>\n<p style=\"font-weight: 400;\">Die zwei Jahre j\u00fcngere Panketalerin bestritt in diesem Jahr ihre ersten Enduros, feierte am Samstag ihren vierten Saisonsieg im DMSB-Enduro-Damen-Cup und fuhr heute mit einem zweiten Platz zum Titel.<\/p>\n<p style=\"font-weight: 400;\">Nachdem alles gut \u00fcber die B\u00fchne gegangen war, waren neben den Offiziellen sicherlich auch alle Teilnehmer voll des Lobes, denn der gastgebende MC Woltersdorf e. V. im ADMV hatte mit enormen Anstrengungen allen Corona-bedingten Widrigkeiten getrotzt und den Aktiven sowie den indirekt Beteiligten einen tollen Wettkampf erm\u00f6glicht. An der Spitze des \u00fcber 200 Helfer starken Organisationsteams standen wieder Harald T\u00e4ger, der Vorsitzende des MC Woltersdorf, sowie J\u00f6rg Lessing. Sie meinten anschlie\u00dfend unisono: \u201eJetzt f\u00e4llt eine richtige Last von uns ab. Die Vorbereitungen haben uns diesmal viel mehr abverlangt als \u00fcblich. Das hat uns extrem viel Zeit und vor allem Nerven gekostet. Selbst die WM vor zwei Jahren war demgegen\u00fcber leicht. Unter diesen Corona-Umst\u00e4nden m\u00f6chten wir das nicht noch einmal organisieren. Wir danken allen ehrenamtlichen Helfern unseres Vereins und auch von befreundeten Clubs, Sponsoren und sonstigen Unterst\u00fctzern. Das ist keineswegs eine Phrase, denn diesmal hing alles bis wenige Tage vorm Beginn am seidenen Faden. Wir m\u00f6chten uns gar nicht ausmalen, was uns im Falle einer Absage gebl\u00fcht h\u00e4tte. Von daher auch ein Dankesch\u00f6n an die zust\u00e4ndigen Beh\u00f6rden.&#8221;<\/p>\n<p style=\"font-weight: 400;\">Weitere Infos unter: www.novemberpokal.de.<\/p>\n","protected":false},"excerpt":{"rendered":"<p>Hamish Macdonald hei\u00dft der Sieger des \u201e42. Novemberpokals&#8221; des MC Woltersdorf. Nachdem der 21-j\u00e4hrige Neuseel\u00e4nder bereits am gestrigen Samstag gewann, siegte er auch heute beim finalen Fahrtag der Internationalen Deutschen Enduro Meisterschaft (DEM) 2020 und durfte anschlie\u00dfend die gewaltige gleichnamige Troph\u00e4e in Empfang nehmen. Im Gegensatz zum Vortag belegten diesmal Macdonalds gleichalter Teamkollege Luca Fischeder&#8230;<\/p>\n<p class=\"more-link-wrap\"><a href=\"https:\/\/enduro.nl\/wordpress-enduronlnewsite\/46039\/finale-int-deutsche-enduro-meisterschaft-2020-woltersdorf-novemberpokal-2020-geht-nach-neuseeland\/\" class=\"more-link\">Lees meer<span class=\"screen-reader-text\"> &ldquo;Finale Int. Deutsche Enduro Meisterschaft 2020 Woltersdorf: Novemberpokal 2020 geht nach Neuseeland&rdquo;<\/span> &raquo;<\/a><\/p>\n","protected":false},"author":1,"featured_media":0,"comment_status":"closed","ping_status":"closed","sticky":false,"template":"","format":"standard","meta":{"footnotes":""},"categories":[13],"tags":[],"class_list":["post-46039","post","type-post","status-publish","format-standard","hentry","category-persberichten"],"_links":{"self":[{"href":"https:\/\/enduro.nl\/wordpress-enduronlnewsite\/wp-json\/wp\/v2\/posts\/46039","targetHints":{"allow":["GET"]}}],"collection":[{"href":"https:\/\/enduro.nl\/wordpress-enduronlnewsite\/wp-json\/wp\/v2\/posts"}],"about":[{"href":"https:\/\/enduro.nl\/wordpress-enduronlnewsite\/wp-json\/wp\/v2\/types\/post"}],"author":[{"embeddable":true,"href":"https:\/\/enduro.nl\/wordpress-enduronlnewsite\/wp-json\/wp\/v2\/users\/1"}],"replies":[{"embeddable":true,"href":"https:\/\/enduro.nl\/wordpress-enduronlnewsite\/wp-json\/wp\/v2\/comments?post=46039"}],"version-history":[{"count":0,"href":"https:\/\/enduro.nl\/wordpress-enduronlnewsite\/wp-json\/wp\/v2\/posts\/46039\/revisions"}],"wp:attachment":[{"href":"https:\/\/enduro.nl\/wordpress-enduronlnewsite\/wp-json\/wp\/v2\/media?parent=46039"}],"wp:term":[{"taxonomy":"category","embeddable":true,"href":"https:\/\/enduro.nl\/wordpress-enduronlnewsite\/wp-json\/wp\/v2\/categories?post=46039"},{"taxonomy":"post_tag","embeddable":true,"href":"https:\/\/enduro.nl\/wordpress-enduronlnewsite\/wp-json\/wp\/v2\/tags?post=46039"}],"curies":[{"name":"wp","href":"https:\/\/api.w.org\/{rel}","templated":true}]}}