{"id":45154,"date":"2020-01-07T21:18:37","date_gmt":"2020-01-07T20:18:37","guid":{"rendered":"http:\/\/www.enduro.nl\/?p=45154"},"modified":"2020-01-07T21:18:37","modified_gmt":"2020-01-07T20:18:37","slug":"nieuwsbericht-1-mirjam-pol","status":"publish","type":"post","link":"https:\/\/enduro.nl\/wordpress-enduronlnewsite\/45154\/nieuwsbericht-1-mirjam-pol\/","title":{"rendered":"NIEUWSBERICHT 1 MIRJAM POL"},"content":{"rendered":"<p><a href=\"https:\/\/enduro.nl\/wordpress-enduronlnewsite\/wp-content\/uploads\/2020\/01\/2019pb01-Fotocredit-FOTOP.jpg\"><img loading=\"lazy\" decoding=\"async\" class=\"alignright size-thumbnail wp-image-45155\" src=\"https:\/\/enduro.nl\/wordpress-enduronlnewsite\/wp-content\/uploads\/2020\/01\/2019pb01-Fotocredit-FOTOP-235x157.jpg\" alt=\"Fotocredit-FOTOP\" width=\"235\" height=\"157\" \/><\/a><strong>31 december 2019\u00a0MIRJAM IN SAUDI-ARABI\u00cb GEARRIVEERD<\/strong><br \/>\nZe vertrok, samen met een aantal leden van haar assistentieteam, op de laatste dag van 2019 richting \u2018The Kingdom of Sand\u2019. Na de goed verlopen vlucht richting Jeddah is Mirjam zich aan het settelen in haar hotel.<br \/>\nMet glaasjes cola luidt Mirjam met andere Dakaristen het nieuwe jaar in, 2020 mag van start, en\u2026 dus ook de Dakar2020!<\/p>\n<p><strong>1 januari 2020 TELEFONISCH CONTACT<\/strong><br \/>\nVanaf nu worden haar social media platformen en andere contacten naar de buitenwereld weer door PR-team overgenomen. Reden? Simpel; Mirjam staat op het punt om te starten aan haar achtste Dakar!<!--more--><\/p>\n<p>Op alle drie de continenten heeft zij aan de start gestaan van de zwaarste rally ter wereld, in Afrika, in Zuid-Amerika en nu staat het Midden-Oosten op haar programma. Mirjam is de enige Nederlandse motordeelnemer \u00e9n de enige vrouwelijke deelnemer ter wereld in het motorklassement die in alle drie de hoofdstukken van de Dakar van zich heeft laten horen\u2026<\/p>\n<p><strong>2 januari 2020 SHAKEDOWN<\/strong><br \/>\nVandaag heeft Mirjam met haar team in de duinen getest om te voelen hoe haar motor aanvoelt en haar eerste kilometers in Saudi-Arabi\u00eb kunnen ervaren. Mirjam donderdag aan de telefoon: \u201cSerieus moeilijke duinen hier hoor, niet zo hoog natuurlijk als in Zuid-Amerika maar het is me zelfs al gelukt om mijzelf vast te rijden, dat zegt genoeg. Mijn stuur deed totaal niet wat ik wilde dus ik ben erg blij dat we hebben kunnen testen. Nog niet alles aan de motor was zoals ik het graag wilde. Uiteindelijk heb ik mijn eentje nog een tijdje kunnen rijden en dat was prettig om te kunnen doen, heb ik ook nodig om het goede gevoel te hebben en dat heb ik nu!\u201d<\/p>\n<p><strong>3 januari 2020 KEURING<\/strong><br \/>\nDe administratieve en technische keuring zijn achter de rug. Het was een lange en vermoeiende dag die voor Mirjam iets minder prettig begon; ze voelde zich na het ontbijt niet helemaal lekker en dat sleepte ze de gehele dag met zich mee. Maar waar het uiteindelijk om gaat bij een keuringsdag is goedgekeurd worden en dat is gelukt. De motor staat in het parc ferm\u00e9!<\/p>\n<p>Zaterdag wacht er nog een dag vol plichtplegingen zoals de ridersbriefing in de morgen en in de middag begint het spektakel wanneer alle rijders van Dakar2020 in Jeddah op het startpodium worden voorgesteld.<\/p>\n<p><strong>4 januari 2020 EN DE KLOK TIKT VERDER&#8230;<\/strong><br \/>\nNadat Mirjam het startpodium over reed zag je in haar ogen eigenlijk al dat er in het koppie weer wat ruimte kwam. Bijna zag je haar weer een vinkje plaatsen; \u2018startpodium? Done\u2019. Wat nu belangrijk voor Mirjam is, is dat ze rust krijgt om zich volledig te kunnen concentreren op de allereerste etappe. Het roadbook, eten en slapen zijn nu haar prioriteit.<\/p>\n<p><strong>____________________ ETAPPE 1 _______________________<\/strong><\/p>\n<p><strong>5 januari 2020 RONDE KEIEN, PUNTIGE KEIEN, HET MAAKT NIET UIT\u2026<\/strong><br \/>\nVandaag stond dan eindelijk de eerste etappe op het programma! Mirjam heeft gisteren de laatste \u2018plichtplegingen\u2019 afgehandeld en heeft daarna alles losgelaten om zich volledig te kunnen concentreren op dat waar het echt om gaat; de rally rijden.<\/p>\n<p>De kop is eraf, zoals dat zo mooi gezegd wordt; Mirjam heeft de eerste etappe erop zitten. Na de finish van eerste special wacht haar nog een verbindingsroute van zo\u2019n 240 kilometer voordat ze in het volgende bivak arriveert. Mirjam over haar eerste etappe-ervaring in Saudi-Arabi\u00eb: \u201cGoh zeg, het ging de allereerste 800 meters al niet helemaal zoals het hoorde, op de verbindingsroute! We rijden de verbindingsroute op de GPS, dat is nieuw dit jaar. En als je uit het bivak weg bent gereden moet je wel binnen een bepaalde tijd bij de start van de special aankomen maar dat kwam uiteindelijk helemaal goed.<\/p>\n<p>En dan begint er direct een hele serieuze etappe, vol met stenen die onder het zand liggen en dat is niet echt mijn ding. Of het nu ronde, vierkante of puntige stenen zijn, het blijven allemaal stenen en ze blijven irritant! Er zaten ook supersnelle \u2018plankgas\u2019 pistestukken tussen, dus van alles wat.\u201d<\/p>\n<p>Doordat de deelnemers morgenvroeg een kant-en-klaar roadbook krijgen, kan Mirjam niets anders doen dan\u2026 in het bivak haar broodnodige rust nemen, eten, douchen en slapen. En uitgerust is Mirjam op haar best\u2026<\/p>\n<p><strong>_____________________ ETAPPE 2 ________________________<\/strong><\/p>\n<p><strong>6 januari 2020 AFSTOFFEN\u2026<\/strong><br \/>\nDe tweede etappe was eigenlijk veel mooier en gevarieerder dan de etappe van gisteren. Toch was Mirjam niet echt \u2018happy\u2019. Mirjam aan het woord: \u201cHet was wederom een serieuze etappe maar we hebben de gehele dag in het stof gereden waardoor het heel gevaarlijk werd. Sommigen reden zo loeihard, dat ik echt soms dacht \u2018hoe kan dat nou? Wat zie jij dat ik niet kan zien?\u2019 maar daardoor reed ik wel weer in zijn stof. Vaak ging het dan uiteindelijk toch ook wel fout en zag ik ze even later onderuit in een greppel liggen!\u201d<\/p>\n<p><strong>Vallen en weer opstaan<\/strong><br \/>\nOok Mirjam kwam er niet geheel zonder kleerscheuren vanaf. Ze viel, gelukkig met niet zo\u2019n hoge snelheid, tussen de stenen en als reactie gebruik je je armen om de val te breken. Ze viel op haar pols. Ze laat zich vanavond in het bivak maar eens goed masseren om alles los te krijgen.<\/p>\n<p><strong>Clich\u00e9<\/strong><br \/>\n\u201cMijn motor voelt wel veel beter aan dan de dagen hiervoor. Dat beviel mij goed en ik reed wel lekker verder. Alleen ga ik niet als een onbezonnen door het stof van anderen rijden. Het is nog maar de tweede dag, h\u00e8. Het klinkt als een clich\u00e9 misschien maar\u2026 de Dakar duurt nog lang\u201d, vertelt Mirjam verder.<\/p>\n<p><strong>Plug and Go<\/strong><br \/>\nHet kant-en-klare roadbook is nog niet echt Mirjam\u2019s favoriet. Het scheelt wel heel erg veel tijd aan voorbereiding, tijd die ze kan gebruiken om haar rust te pakken. Mirjam over haar \u2018plug and go\u2019 roadbook: \u201cHet allergrootste nadeel op de piste is dat ik de kleuren blauw en zwart moeilijk uit elkaar kan houden. Als het een moeilijke ondergrond is waarop we rijden \u00e9n je hebt ook nog eens allerlei aanwijzingen die erbij geschreven zijn, ja dan zie ik het verschil tussen blauw en zwart niet echt meer. Maar\u2026 het scheelt wel een heel veel tijd en daar is ook altijd gebrek aan in de rally, dus\u2026. Het is ook een kwestie van wennen. Hoe dan ook, deze dag kunnen we weer afvinken.\u201d<\/p>\n<p><strong>_____________________ ETAPPE 3 ______________________<\/strong><\/p>\n<p><strong>7 januari 2020 ZOEKEN NAAR IETS DAT ER NIET IS\u2026<br \/>\n<\/strong>Soms kan je behulpzaam zijn en bedenk je later\u2026 was dit nu wel zo verstandig? Dat is in \u00e9\u00e9n zinnetje ongeveer waar het bij Mirjam mis begon te gaan. Het eerste gedeelte van de derde special ging \u2018als een speer\u2019. Mirjam had de flow goed te pakken en het lukte haar, om ondanks het stof, in te halen en zo plekken terug te winnen. Plekken die ze, voor haar gevoel, gisteren verloren had. En toen\u2026<\/p>\n<p><strong>Een beetje dom<\/strong><br \/>\nVlak voor de tweede tankstop wil ze een teamgenoot met technische problemen helpen. En dat verliep verre van soepeltjes, ze besluit haar satelliettelefoon bij hem achter te laten, niet wetende dat hij daarvoor een behoorlijke crash heeft gemaakt en hierdoor niet echt kordaat reageert. \u201cIk heb hier, doordat ik wilde helpen, zoveel tijd verloren. Technische problemen daar kan ik eigenlijk niets mee, maar dacht hem te kunnen helpen door de satelliettelefoon aan hem te geven. Maar daar moest ik wel mijn halve motor voor \u2018uitkleden\u2019! Een beetje dom, zeg maar. Zeker omdat het hem uiteindelijk niet is gelukt om de finish te bereiken. Dus mijn hulp heeft ook nog geen verschil gemaakt\u201d, legt Mirjam uit.<\/p>\n<p><strong>Mysterieus WayPoint?<\/strong><br \/>\nDoor deze hulpactie raakt ze uit haar ritme en daar kwam ze ook niet meer in. \u201cVoor die tijd liep het allemaal zo lekker, daarna ging het niet meer. Zoeken naar WayPoints, een afslagje missen, noem het maar op. Vervolgens rij ik achter een motorrijder een gigantische klim omhoog, valt mijn voorganger om en daardoor sloeg mijn motor af, waardoor ik omviel! Motor weer overeind getild, komt er een auto aan die erlangs wil waardoor hij mijn motor aantikt en de motor dus weer omviel en ik dus ook omviel. Ik krabbel weer overeind, rijdt er een auto over mijn wiel!! Nou, toen was ik er h\u00e9lem\u00e1\u00e1l klaar mee. Ik ben midden op het pad gaan staan, mopperend in mijzelf \u2018rij er maar lekker omheen maar ik ga niet meer aan de kant!\u2019 En als je dan denkt dat je alles hebt gehad, kon ik een WayPoint niet vinden. En je blijft maar zoeken. Ik dacht dat ik gek werd, en maar blijven zoeken naar dat mysterieuze WayPoint\u2026 dat er blijkbaar helemaal niet was\u201d, be\u00ebindigt Mirjam haar betoog.<\/p>\n<p><strong>Relativeren<\/strong><br \/>\nNadat Mirjam stoom heeft afgeblazen, is het tijd om in het bivak een douche te pakken, wat te drinken en te eten en zich te verdiepen in het roadbook, dat de deelnemers nu wel zelfs moeten doornemen. En daar verneemt ze dat een andere teamgenoot van haar is uitgevallen nadat hij geblesseerd raakte in de derde etappe. Er zijn ook een aantal topfavorieten uitgevallen. Dan is alles weer relatief\u2026 en mag Mirjam ook deze etappe weer afvinken.<\/p>\n<p><strong>De dag van morgen<\/strong><br \/>\nDoordat er fouten zaten in het roadbook, WayPoints niet juist waren \u00e9n het laatste gedeelte van de special geneutraliseerd werd, is het nu ook nog zeer onduidelijk waar Mirjam in het klassement staat. Als de starttijden voor morgen bekend zijn, kan daar meer over gezegd worden.<\/p>\n","protected":false},"excerpt":{"rendered":"<p>31 december 2019\u00a0MIRJAM IN SAUDI-ARABI\u00cb GEARRIVEERD Ze vertrok, samen met een aantal leden van haar assistentieteam, op de laatste dag van 2019 richting \u2018The Kingdom of Sand\u2019. Na de goed verlopen vlucht richting Jeddah is Mirjam zich aan het settelen in haar hotel. Met glaasjes cola luidt Mirjam met andere Dakaristen het nieuwe jaar in,&#8230;<\/p>\n<p class=\"more-link-wrap\"><a href=\"https:\/\/enduro.nl\/wordpress-enduronlnewsite\/45154\/nieuwsbericht-1-mirjam-pol\/\" class=\"more-link\">Lees meer<span class=\"screen-reader-text\"> &ldquo;NIEUWSBERICHT 1 MIRJAM POL&rdquo;<\/span> &raquo;<\/a><\/p>\n","protected":false},"author":1,"featured_media":0,"comment_status":"closed","ping_status":"closed","sticky":false,"template":"","format":"standard","meta":{"footnotes":""},"categories":[13],"tags":[],"class_list":["post-45154","post","type-post","status-publish","format-standard","hentry","category-persberichten"],"_links":{"self":[{"href":"https:\/\/enduro.nl\/wordpress-enduronlnewsite\/wp-json\/wp\/v2\/posts\/45154","targetHints":{"allow":["GET"]}}],"collection":[{"href":"https:\/\/enduro.nl\/wordpress-enduronlnewsite\/wp-json\/wp\/v2\/posts"}],"about":[{"href":"https:\/\/enduro.nl\/wordpress-enduronlnewsite\/wp-json\/wp\/v2\/types\/post"}],"author":[{"embeddable":true,"href":"https:\/\/enduro.nl\/wordpress-enduronlnewsite\/wp-json\/wp\/v2\/users\/1"}],"replies":[{"embeddable":true,"href":"https:\/\/enduro.nl\/wordpress-enduronlnewsite\/wp-json\/wp\/v2\/comments?post=45154"}],"version-history":[{"count":0,"href":"https:\/\/enduro.nl\/wordpress-enduronlnewsite\/wp-json\/wp\/v2\/posts\/45154\/revisions"}],"wp:attachment":[{"href":"https:\/\/enduro.nl\/wordpress-enduronlnewsite\/wp-json\/wp\/v2\/media?parent=45154"}],"wp:term":[{"taxonomy":"category","embeddable":true,"href":"https:\/\/enduro.nl\/wordpress-enduronlnewsite\/wp-json\/wp\/v2\/categories?post=45154"},{"taxonomy":"post_tag","embeddable":true,"href":"https:\/\/enduro.nl\/wordpress-enduronlnewsite\/wp-json\/wp\/v2\/tags?post=45154"}],"curies":[{"name":"wp","href":"https:\/\/api.w.org\/{rel}","templated":true}]}}