{"id":44100,"date":"2019-09-18T09:43:17","date_gmt":"2019-09-18T07:43:17","guid":{"rendered":"http:\/\/www.enduro.nl\/?p=44100"},"modified":"2019-09-18T09:43:17","modified_gmt":"2019-09-18T07:43:17","slug":"klassik-enduro-in-kempenich-enduro-europameisterschaft-in-der-eifel","status":"publish","type":"post","link":"https:\/\/enduro.nl\/wordpress-enduronlnewsite\/44100\/klassik-enduro-in-kempenich-enduro-europameisterschaft-in-der-eifel\/","title":{"rendered":"Klassik-Enduro in Kempenich: Enduro-Europameisterschaft in der Eifel"},"content":{"rendered":"<p><a href=\"https:\/\/enduro.nl\/wordpress-enduronlnewsite\/wp-content\/uploads\/2019\/09\/2019-09-17-Kempenich2.jpg\"><img loading=\"lazy\" decoding=\"async\" class=\"alignleft size-thumbnail wp-image-44101\" src=\"https:\/\/enduro.nl\/wordpress-enduronlnewsite\/wp-content\/uploads\/2019\/09\/2019-09-17-Kempenich2-235x159.jpg\" alt=\"\" width=\"235\" height=\"159\" \/><\/a>Kaum zu glauben, aber am 20. Oktober wird in Kempenich international gefahren: Bei der 67. Mittelrheinischen Gel\u00e4ndefahrt geht es nicht nur um den DMSB-Enduro-Pokal, sondern auch gleichzeitig um <strong>das Finale der Europ\u00e4ischen Vintage-Meisterschaft, also die &#8220;Klassik EM&#8221;.<\/strong><\/p>\n<p>Dass die Deutschen im Bereich Klassik eine Weltmacht sind haben sie gerade bei den letzten Sixdays bewiesen, wo sie neben vielen Klassensiegen auch noch die Trophy holten.<\/p>\n<p>Daf\u00fcr gehen in Kempenich die Motorr\u00e4der der verschiedenen Jahrg\u00e4nge bis 1989 an den Start. <!--more-->Dieser Lauf ist der Letzte in der Serie, der am 5. Oktober im spanischen Solsonanoch seinen vorletzten Lauf hat. Doch die Europameistertitel werden dann in der Eifel vergeben!<\/p>\n<p>Dabei ist da keine internationale Lizenz n\u00f6tig, f\u00fcr Deutsche Fahrer gen\u00fcgt sogar eine &#8220;Race-Card&#8221; (Tageslizenz), internationale Fahrer brauchen neben ihrer nationalen Lizenz nur eine Startfreigabe.<\/p>\n<p>Aber nat\u00fcrlich geht es nicht nur um die Klassiker: An diesem Wochenende z\u00e4hlt es auch um Punkte f\u00fcr den DMSB-Enduro-Pokal bei den B-Lizenz-Fahrern, und alle Cup-Pr\u00e4dikate, von Senioren \u00fcber Damen bis zu Klassik-Klasse. Ausnahmsweise ist Kempenich diesmal nicht das Finale, das wird erst eine Woche sp\u00e4ter in Tucheim ausgetragen.<\/p>\n<p>Doch trotzdem werden alle Fahrer von (zuk\u00fcnftigem) Rang und Namen am Start sein, denn nat\u00fcrlich k\u00f6nnten schon die ersten Titel in der Eifel vergeben werden. Der Start erfolgt ab 8:25 Uhr<\/p>\n<p>Zur Homepage des Veranstalters: <a href=\"https:\/\/www.motorsport-mittelrhein.de\/mittelrh-gel%C3%A4ndefahrt\/\" target=\"_blank\" rel=\"noopener noreferrer\">https:\/\/www.motorsport-mittelrhein.de\/mittelrh-gel%C3%A4ndefahrt\/<\/a><br \/>\n<a href=\"https:\/\/enduro.nl\/wordpress-enduronlnewsite\/wp-content\/uploads\/2019\/09\/2019-09-17-kempenich-oldies-anmeldung.pdf\" target=\"_blank\" rel=\"noopener noreferrer\">Vintage Anmeldeformular.<\/a><\/p>\n","protected":false},"excerpt":{"rendered":"<p>Kaum zu glauben, aber am 20. Oktober wird in Kempenich international gefahren: Bei der 67. Mittelrheinischen Gel\u00e4ndefahrt geht es nicht nur um den DMSB-Enduro-Pokal, sondern auch gleichzeitig um das Finale der Europ\u00e4ischen Vintage-Meisterschaft, also die &#8220;Klassik EM&#8221;. Dass die Deutschen im Bereich Klassik eine Weltmacht sind haben sie gerade bei den letzten Sixdays bewiesen, wo&#8230;<\/p>\n<p class=\"more-link-wrap\"><a href=\"https:\/\/enduro.nl\/wordpress-enduronlnewsite\/44100\/klassik-enduro-in-kempenich-enduro-europameisterschaft-in-der-eifel\/\" class=\"more-link\">Lees meer<span class=\"screen-reader-text\"> &ldquo;Klassik-Enduro in Kempenich: Enduro-Europameisterschaft in der Eifel&rdquo;<\/span> &raquo;<\/a><\/p>\n","protected":false},"author":1,"featured_media":0,"comment_status":"closed","ping_status":"closed","sticky":false,"template":"","format":"standard","meta":{"footnotes":""},"categories":[6,13],"tags":[],"class_list":["post-44100","post","type-post","status-publish","format-standard","hentry","category-evenementen","category-persberichten"],"_links":{"self":[{"href":"https:\/\/enduro.nl\/wordpress-enduronlnewsite\/wp-json\/wp\/v2\/posts\/44100","targetHints":{"allow":["GET"]}}],"collection":[{"href":"https:\/\/enduro.nl\/wordpress-enduronlnewsite\/wp-json\/wp\/v2\/posts"}],"about":[{"href":"https:\/\/enduro.nl\/wordpress-enduronlnewsite\/wp-json\/wp\/v2\/types\/post"}],"author":[{"embeddable":true,"href":"https:\/\/enduro.nl\/wordpress-enduronlnewsite\/wp-json\/wp\/v2\/users\/1"}],"replies":[{"embeddable":true,"href":"https:\/\/enduro.nl\/wordpress-enduronlnewsite\/wp-json\/wp\/v2\/comments?post=44100"}],"version-history":[{"count":0,"href":"https:\/\/enduro.nl\/wordpress-enduronlnewsite\/wp-json\/wp\/v2\/posts\/44100\/revisions"}],"wp:attachment":[{"href":"https:\/\/enduro.nl\/wordpress-enduronlnewsite\/wp-json\/wp\/v2\/media?parent=44100"}],"wp:term":[{"taxonomy":"category","embeddable":true,"href":"https:\/\/enduro.nl\/wordpress-enduronlnewsite\/wp-json\/wp\/v2\/categories?post=44100"},{"taxonomy":"post_tag","embeddable":true,"href":"https:\/\/enduro.nl\/wordpress-enduronlnewsite\/wp-json\/wp\/v2\/tags?post=44100"}],"curies":[{"name":"wp","href":"https:\/\/api.w.org\/{rel}","templated":true}]}}