{"id":40441,"date":"2018-04-03T08:13:55","date_gmt":"2018-04-03T06:13:55","guid":{"rendered":"http:\/\/www.enduro.nl\/?p=40441"},"modified":"2018-04-03T08:13:55","modified_gmt":"2018-04-03T06:13:55","slug":"extraoficial-607-riders-for-the-six-days-2018","status":"publish","type":"post","link":"https:\/\/enduro.nl\/wordpress-enduronlnewsite\/40441\/extraoficial-607-riders-for-the-six-days-2018\/","title":{"rendered":"EXTRAOFICIAL: 607 RIDERS FOR THE SIX DAYS 2018!"},"content":{"rendered":"<p><a href=\"https:\/\/enduro.nl\/wordpress-enduronlnewsite\/wp-content\/uploads\/2018\/04\/lijst-2-april.jpg\"><img loading=\"lazy\" decoding=\"async\" src=\"https:\/\/enduro.nl\/wordpress-enduronlnewsite\/wp-content\/uploads\/2018\/04\/lijst-2-april-235x221.jpg\" alt=\"\" width=\"235\" height=\"221\" class=\"alignright size-thumbnail wp-image-40442\" \/><\/a><em><strong>Jos\u00e9 Tom\u00e1s D\u00edaz, President of the Organizing Committee of the ISDE Vi\u00f1a del Mar 2018,\u200b released the unofficial number of riders registered for the big event on November 12-17. There are 607 competitors, including 18 vintages so far (figure that could grow).<\/strong><\/em><\/p>\n<p>\u201cFrom my point of view a good number of \u200briders for this ISDE No. 93, who will find in Chile, once again, a welcoming country full of possibilities to practice our passion, the enduro,\u201d said the Chilean leader.<\/p>\n<p>Unofficial registration, after the pre-registration process:<br \/>\nWorld Trophy: 83<br \/>\nJunior Trophy: 33<br \/>\nWomen\u2019s trophy: 27<br \/>\nMen Club: 446<br \/>\nSUB TOTAL 589<br \/>\nVintage 18<br \/>\nTOTAL 607<\/p>\n","protected":false},"excerpt":{"rendered":"<p>Jos\u00e9 Tom\u00e1s D\u00edaz, President of the Organizing Committee of the ISDE Vi\u00f1a del Mar 2018,\u200b released the unofficial number of riders registered for the big event on November 12-17. There are 607 competitors, including 18 vintages so far (figure that could grow). \u201cFrom my point of view a good number of \u200briders for this ISDE&#8230;<\/p>\n<p class=\"more-link-wrap\"><a href=\"https:\/\/enduro.nl\/wordpress-enduronlnewsite\/40441\/extraoficial-607-riders-for-the-six-days-2018\/\" class=\"more-link\">Lees meer<span class=\"screen-reader-text\"> &ldquo;EXTRAOFICIAL: 607 RIDERS FOR THE SIX DAYS 2018!&rdquo;<\/span> &raquo;<\/a><\/p>\n","protected":false},"author":1,"featured_media":0,"comment_status":"closed","ping_status":"closed","sticky":false,"template":"","format":"standard","meta":{"footnotes":""},"categories":[4,12],"tags":[],"class_list":["post-40441","post","type-post","status-publish","format-standard","hentry","category-isde","category-uitgelicht"],"_links":{"self":[{"href":"https:\/\/enduro.nl\/wordpress-enduronlnewsite\/wp-json\/wp\/v2\/posts\/40441","targetHints":{"allow":["GET"]}}],"collection":[{"href":"https:\/\/enduro.nl\/wordpress-enduronlnewsite\/wp-json\/wp\/v2\/posts"}],"about":[{"href":"https:\/\/enduro.nl\/wordpress-enduronlnewsite\/wp-json\/wp\/v2\/types\/post"}],"author":[{"embeddable":true,"href":"https:\/\/enduro.nl\/wordpress-enduronlnewsite\/wp-json\/wp\/v2\/users\/1"}],"replies":[{"embeddable":true,"href":"https:\/\/enduro.nl\/wordpress-enduronlnewsite\/wp-json\/wp\/v2\/comments?post=40441"}],"version-history":[{"count":0,"href":"https:\/\/enduro.nl\/wordpress-enduronlnewsite\/wp-json\/wp\/v2\/posts\/40441\/revisions"}],"wp:attachment":[{"href":"https:\/\/enduro.nl\/wordpress-enduronlnewsite\/wp-json\/wp\/v2\/media?parent=40441"}],"wp:term":[{"taxonomy":"category","embeddable":true,"href":"https:\/\/enduro.nl\/wordpress-enduronlnewsite\/wp-json\/wp\/v2\/categories?post=40441"},{"taxonomy":"post_tag","embeddable":true,"href":"https:\/\/enduro.nl\/wordpress-enduronlnewsite\/wp-json\/wp\/v2\/tags?post=40441"}],"curies":[{"name":"wp","href":"https:\/\/api.w.org\/{rel}","templated":true}]}}