{"id":38668,"date":"2017-08-17T22:11:55","date_gmt":"2017-08-17T20:11:55","guid":{"rendered":"http:\/\/www.enduro.nl\/?p=38668"},"modified":"2017-08-17T22:11:55","modified_gmt":"2017-08-17T20:11:55","slug":"wimvanderheyden-la-chinelle-2017","status":"publish","type":"post","link":"https:\/\/enduro.nl\/wordpress-enduronlnewsite\/38668\/wimvanderheyden-la-chinelle-2017\/","title":{"rendered":"WimvanderHeyden: LA CHINELLE 2017"},"content":{"rendered":"<p><a href=\"https:\/\/enduro.nl\/wordpress-enduronlnewsite\/wp-content\/uploads\/2017\/08\/2017pb08_LaChinelle_Husqvarna.jpg\"><img loading=\"lazy\" decoding=\"async\" class=\"alignleft size-thumbnail wp-image-38669\" src=\"https:\/\/enduro.nl\/wordpress-enduronlnewsite\/wp-content\/uploads\/2017\/08\/2017pb08_LaChinelle_Husqvarna-235x156.jpg\" alt=\"LaChinelle_Husqvarna\" width=\"235\" height=\"156\" \/><\/a>Tweede weekend augustus is sinds mensenheugenis vaste afspraak voor de die-hard off road fans, maar ook duizenden nieuwsgierigen of gewoon feestvierders. Het was afgelopen zaterdag niet anders. Voor 110 teams klonk er klokslag middernacht een geweerschot als start voor de 38ste editie. De wedstrijd loopt de wijze rond in teams van 3 piloten die 1 en dezelfde moto delen.<\/p>\n<p>Na een allereerste overwinning vorig jaar zette Husqvarna Belgie dit jaar 2 offici\u00eble teams in. Team n 27 met Jilani Cambr\u00e9, J\u00e9rome Martiny en Thierry Pittens en team n\u00b028 met Wietse Brackman (winnaar vorig jaar ), Kevin Fors en Jeff Goblet. Beide teams kregen een FE450 ter beschikking met de ambitie op een podiumresultaat. En terecht, Kevin Fors klokte de snelste tijd en Jilani Cambr\u00e9 de 3de. <a href=\"http:\/\/www.wimvdh.be\/?p=1315\" target=\"_blank\" rel=\"noopener\">LEES MEER (externe link)<\/a><\/p>\n","protected":false},"excerpt":{"rendered":"<p>Tweede weekend augustus is sinds mensenheugenis vaste afspraak voor de die-hard off road fans, maar ook duizenden nieuwsgierigen of gewoon feestvierders. Het was afgelopen zaterdag niet anders. Voor 110 teams klonk er klokslag middernacht een geweerschot als start voor de 38ste editie. De wedstrijd loopt de wijze rond in teams van 3 piloten die 1&#8230;<\/p>\n<p class=\"more-link-wrap\"><a href=\"https:\/\/enduro.nl\/wordpress-enduronlnewsite\/38668\/wimvanderheyden-la-chinelle-2017\/\" class=\"more-link\">Lees meer<span class=\"screen-reader-text\"> &ldquo;WimvanderHeyden: LA CHINELLE 2017&rdquo;<\/span> &raquo;<\/a><\/p>\n","protected":false},"author":1,"featured_media":0,"comment_status":"closed","ping_status":"closed","sticky":false,"template":"","format":"standard","meta":{"footnotes":""},"categories":[13],"tags":[],"class_list":["post-38668","post","type-post","status-publish","format-standard","hentry","category-persberichten"],"_links":{"self":[{"href":"https:\/\/enduro.nl\/wordpress-enduronlnewsite\/wp-json\/wp\/v2\/posts\/38668","targetHints":{"allow":["GET"]}}],"collection":[{"href":"https:\/\/enduro.nl\/wordpress-enduronlnewsite\/wp-json\/wp\/v2\/posts"}],"about":[{"href":"https:\/\/enduro.nl\/wordpress-enduronlnewsite\/wp-json\/wp\/v2\/types\/post"}],"author":[{"embeddable":true,"href":"https:\/\/enduro.nl\/wordpress-enduronlnewsite\/wp-json\/wp\/v2\/users\/1"}],"replies":[{"embeddable":true,"href":"https:\/\/enduro.nl\/wordpress-enduronlnewsite\/wp-json\/wp\/v2\/comments?post=38668"}],"version-history":[{"count":0,"href":"https:\/\/enduro.nl\/wordpress-enduronlnewsite\/wp-json\/wp\/v2\/posts\/38668\/revisions"}],"wp:attachment":[{"href":"https:\/\/enduro.nl\/wordpress-enduronlnewsite\/wp-json\/wp\/v2\/media?parent=38668"}],"wp:term":[{"taxonomy":"category","embeddable":true,"href":"https:\/\/enduro.nl\/wordpress-enduronlnewsite\/wp-json\/wp\/v2\/categories?post=38668"},{"taxonomy":"post_tag","embeddable":true,"href":"https:\/\/enduro.nl\/wordpress-enduronlnewsite\/wp-json\/wp\/v2\/tags?post=38668"}],"curies":[{"name":"wp","href":"https:\/\/api.w.org\/{rel}","templated":true}]}}